{"id":11095,"date":"2021-04-08T16:48:35","date_gmt":"2021-04-08T14:48:35","guid":{"rendered":"http:\/\/osmutaa.splet.arnes.si\/?p=11095"},"modified":"2021-04-14T23:36:12","modified_gmt":"2021-04-14T21:36:12","slug":"samodejni-osnutek-3","status":"publish","type":"post","link":"https:\/\/osmuta.si\/?p=11095","title":{"rendered":"DAN ZA SPREMEMBE"},"content":{"rendered":"<p>[et_pb_section fb_built=&#8221;1&#8243; _builder_version=&#8221;4.7.3&#8243; _module_preset=&#8221;default&#8221; custom_margin=&#8221;0px||0px||false|false&#8221; custom_padding=&#8221;0px||0px||false|false&#8221;][et_pb_row column_structure=&#8221;1_2,1_2&#8243; _builder_version=&#8221;4.7.3&#8243; _module_preset=&#8221;default&#8221; custom_margin=&#8221;0px||0px||false|false&#8221; custom_padding=&#8221;0px||0px||false|false&#8221;][et_pb_column type=&#8221;1_2&#8243; _builder_version=&#8221;4.7.3&#8243; _module_preset=&#8221;default&#8221;][et_pb_image src=&#8221;http:\/\/osmutaa.splet.arnes.si\/files\/2021\/04\/Slika8.jpg&#8221; title_text=&#8221;Slika8&#8243; _builder_version=&#8221;4.7.3&#8243; _module_preset=&#8221;default&#8221;][\/et_pb_image][\/et_pb_column][et_pb_column type=&#8221;1_2&#8243; _builder_version=&#8221;4.7.3&#8243; _module_preset=&#8221;default&#8221;][et_pb_text _builder_version=&#8221;4.7.3&#8243; _module_preset=&#8221;default&#8221; custom_margin=&#8221;0px||0px|0px|false|false&#8221; custom_padding=&#8221;|||0px|false|false&#8221;]<\/p>\n<p style=\"text-align: center\"><span style=\"color: #000000\">U\u010denci prostovoljci, ki jih na na\u0161i \u0161oli imenujemo Junaki na\u0161ega \u010dasa, letos sodelujejo na vseslovenski prostovoljski akciji Dan za spremembe. Ta se bo letos odvijal 10. aprila 2021. Prostovoljske aktivnosti ob tem dnevu so namenjene pisanju pisem stanovalcem doma Hmelina Radlje ob Dravi.<\/span><\/p>\n<p style=\"text-align: center\"><span style=\"color: #000000\">Namen pisanja pisem je, da stanovalcem doma pomagamo,<br \/><\/span><span style=\"color: #000000\">\u00a0da v teh te\u017ekih \u010dasih premagajo osamljenost,<br \/><\/span><span style=\"color: #000000\">\u00a0da jim povemo, da jih pogre\u0161amo, ter jim \u017eelimo, da so zdravi.<\/span><\/p>\n<p style=\"text-align: center\">[\/et_pb_text][\/et_pb_column][\/et_pb_row][et_pb_row _builder_version=&#8221;4.7.3&#8243; _module_preset=&#8221;default&#8221; custom_margin=&#8221;0px||0px||false|false&#8221; custom_padding=&#8221;0px||0px||false|false&#8221;][et_pb_column type=&#8221;4_4&#8243; _builder_version=&#8221;4.7.3&#8243; _module_preset=&#8221;default&#8221;][et_pb_text _builder_version=&#8221;4.7.3&#8243; _module_preset=&#8221;default&#8221;]<\/p>\n<p style=\"text-align: center\"><span style=\"color: #000000\">Stanovalci doma so u\u010dencem povedali in zaupali razli\u010dne zgodbe iz svojega \u017eivljenja.<br \/><!--more--><br \/>Nekateri so tudi povedali, da so v domu na\u0161li SVOJ NOVI DOM.<\/span><\/p>\n<p style=\"text-align: center\"><span style=\"color: #000000\">Vse te zgodbe so u\u010dencem pustile razli\u010dne spomine, na katere niso pozabili. Z velikim veseljem se spominjajo sre\u010danj v domu, ko so s stanovalci pekli potico, izdelovali razli\u010dne okraske, se z vozi\u010dki sprehajali po parku, v jeseni lu\u0161\u010dili fi\u017eol in li\u010dkali koruzo, z njimi veselo poklepetali.\u00a0 Stanovalci pa so tudi komaj \u010dakali, da jih otroci obi\u0161\u010dejo. Nekateri so ob sre\u010danju z otroki poto\u010dili solzo, saj so se spomnili svojih vnukov \u2026<\/span><\/p>\n<p style=\"text-align: center\"><span style=\"color: #000000\">U\u010denci, ki sodelujejo v interesni dejavnosti Razveselimo starej\u0161e,\u00a0 so v \u0161oli napisali pisma.<\/span><\/p>\n<p style=\"text-align: center\"><span style=\"color: #000000\">Pisma skupaj s slikami, s katerimi smo posneli na\u0161e spomine,<\/span><\/p>\n<p style=\"text-align: center\"><span style=\"color: #000000\">se bodo izro\u010dila stanovalcem 12. aprila.<\/span><\/p>\n<p style=\"text-align: center\"><span style=\"color: #000000\">Pisma jim bo izro\u010dila delovna terapevtka doma.<\/span><\/p>\n<p style=\"text-align: center\"><span style=\"color: #000000\">Dom Hmelina bomo obiskovali tudi v prihodnje ter tako pomagali starej\u0161im ljudem zapolniti \u010das, ki ga pre\u017eivijo v domu, mnogi dale\u010d stran od svojih doma\u010dih.<\/span><\/p>\n<p style=\"text-align: center\"><span style=\"color: #000000\">U\u010denci so povedali, da se veselijo vsakega trenutka, ki ga pre\u017eivijo skupaj z njimi. In tudi pisanje pisem je bilo za njih posebej zanimivo in nepozabno.<\/span><\/p>\n<p>&nbsp;<\/p>\n<p style=\"text-align: right\"><span style=\"color: #000000\">Mentor: Marija Lisec, \u0161olska svetovalna delavka<\/span><\/p>\n<p>&nbsp;<\/p>\n<p style=\"text-align: left\"><span style=\"color: #000000\">Pisanje pisem:<\/span><\/p>\n<p>[\/et_pb_text][\/et_pb_column][\/et_pb_row][et_pb_row column_structure=&#8221;1_4,1_4,1_4,1_4&#8243; _builder_version=&#8221;4.7.3&#8243; _module_preset=&#8221;default&#8221;][et_pb_column type=&#8221;1_4&#8243; _builder_version=&#8221;4.7.3&#8243; _module_preset=&#8221;default&#8221;][et_pb_image src=&#8221;http:\/\/osmutaa.splet.arnes.si\/files\/2021\/04\/Slika7.jpg&#8221; title_text=&#8221;Slika7&#8243; show_in_lightbox=&#8221;on&#8221; _builder_version=&#8221;4.7.3&#8243; _module_preset=&#8221;default&#8221;][\/et_pb_image][et_pb_image src=&#8221;http:\/\/osmutaa.splet.arnes.si\/files\/2021\/04\/Slika9.jpg&#8221; title_text=&#8221;Slika9&#8243; show_in_lightbox=&#8221;on&#8221; _builder_version=&#8221;4.7.3&#8243; _module_preset=&#8221;default&#8221;][\/et_pb_image][\/et_pb_column][et_pb_column type=&#8221;1_4&#8243; _builder_version=&#8221;4.7.3&#8243; _module_preset=&#8221;default&#8221;][et_pb_image src=&#8221;http:\/\/osmutaa.splet.arnes.si\/files\/2021\/04\/Slika6-1.jpg&#8221; title_text=&#8221;Slika6&#8243; show_in_lightbox=&#8221;on&#8221; _builder_version=&#8221;4.7.3&#8243; _module_preset=&#8221;default&#8221;][\/et_pb_image][et_pb_image src=&#8221;http:\/\/osmutaa.splet.arnes.si\/files\/2021\/04\/Slika2-1.jpg&#8221; title_text=&#8221;Slika2&#8243; show_in_lightbox=&#8221;on&#8221; _builder_version=&#8221;4.7.3&#8243; _module_preset=&#8221;default&#8221;][\/et_pb_image][\/et_pb_column][et_pb_column type=&#8221;1_4&#8243; _builder_version=&#8221;4.7.3&#8243; _module_preset=&#8221;default&#8221;][et_pb_image src=&#8221;http:\/\/osmutaa.splet.arnes.si\/files\/2021\/04\/Slika5-1.jpg&#8221; title_text=&#8221;Slika5&#8243; show_in_lightbox=&#8221;on&#8221; _builder_version=&#8221;4.7.3&#8243; _module_preset=&#8221;default&#8221;][\/et_pb_image][et_pb_image src=&#8221;http:\/\/osmutaa.splet.arnes.si\/files\/2021\/04\/Slika3-1.jpg&#8221; title_text=&#8221;Slika3&#8243; show_in_lightbox=&#8221;on&#8221; _builder_version=&#8221;4.7.3&#8243; _module_preset=&#8221;default&#8221;][\/et_pb_image][\/et_pb_column][et_pb_column type=&#8221;1_4&#8243; _builder_version=&#8221;4.7.3&#8243; _module_preset=&#8221;default&#8221;][et_pb_image src=&#8221;http:\/\/osmutaa.splet.arnes.si\/files\/2021\/04\/Slika4-1.jpg&#8221; title_text=&#8221;Slika4&#8243; show_in_lightbox=&#8221;on&#8221; _builder_version=&#8221;4.7.3&#8243; _module_preset=&#8221;default&#8221;][\/et_pb_image][et_pb_image src=&#8221;http:\/\/osmutaa.splet.arnes.si\/files\/2021\/04\/Slika1-1.jpg&#8221; title_text=&#8221;Slika1&#8243; show_in_lightbox=&#8221;on&#8221; _builder_version=&#8221;4.7.3&#8243; _module_preset=&#8221;default&#8221;][\/et_pb_image][\/et_pb_column][\/et_pb_row][et_pb_row _builder_version=&#8221;4.7.3&#8243; _module_preset=&#8221;default&#8221;][et_pb_column type=&#8221;4_4&#8243; _builder_version=&#8221;4.7.3&#8243; _module_preset=&#8221;default&#8221;][et_pb_text _builder_version=&#8221;4.7.3&#8243; _module_preset=&#8221;default&#8221;]<\/p>\n<p><span style=\"color: #000000\">TOPLINA V SRCU IN\u00a0 NASMEH NA OBRAZU STANOVALCEV DOMA HMELINA OB PREJETEM PISMU NA\u0160IH U\u010cENCEV.<\/span><\/p>\n<p>[\/et_pb_text][\/et_pb_column][\/et_pb_row][et_pb_row column_structure=&#8221;1_4,1_4,1_4,1_4&#8243; _builder_version=&#8221;4.7.3&#8243; _module_preset=&#8221;default&#8221;][et_pb_column type=&#8221;1_4&#8243; _builder_version=&#8221;4.7.3&#8243; _module_preset=&#8221;default&#8221;][et_pb_image src=&#8221;http:\/\/osmutaa.splet.arnes.si\/files\/2021\/04\/DSC_0002-001.jpg&#8221; title_text=&#8221;DSC_0002-001&#8243; show_in_lightbox=&#8221;on&#8221; _builder_version=&#8221;4.7.3&#8243; _module_preset=&#8221;default&#8221;][\/et_pb_image][et_pb_image src=&#8221;http:\/\/osmutaa.splet.arnes.si\/files\/2021\/04\/DSC_0013-001.jpg&#8221; title_text=&#8221;DSC_0013-001&#8243; show_in_lightbox=&#8221;on&#8221; _builder_version=&#8221;4.7.3&#8243; _module_preset=&#8221;default&#8221;][\/et_pb_image][et_pb_image src=&#8221;http:\/\/osmutaa.splet.arnes.si\/files\/2021\/04\/DSC_0010.jpg&#8221; title_text=&#8221;DSC_0010&#8243; show_in_lightbox=&#8221;on&#8221; _builder_version=&#8221;4.7.3&#8243; _module_preset=&#8221;default&#8221;][\/et_pb_image][\/et_pb_column][et_pb_column type=&#8221;1_4&#8243; _builder_version=&#8221;4.7.3&#8243; _module_preset=&#8221;default&#8221;][et_pb_image src=&#8221;http:\/\/osmutaa.splet.arnes.si\/files\/2021\/04\/DSC_0022-001.jpg&#8221; title_text=&#8221;DSC_0022-001&#8243; show_in_lightbox=&#8221;on&#8221; _builder_version=&#8221;4.7.3&#8243; _module_preset=&#8221;default&#8221;][\/et_pb_image][et_pb_image src=&#8221;http:\/\/osmutaa.splet.arnes.si\/files\/2021\/04\/DSC_0006-001.jpg&#8221; title_text=&#8221;DSC_0006-001&#8243; show_in_lightbox=&#8221;on&#8221; _builder_version=&#8221;4.7.3&#8243; _module_preset=&#8221;default&#8221;][\/et_pb_image][et_pb_image src=&#8221;http:\/\/osmutaa.splet.arnes.si\/files\/2021\/04\/DSC_0018-001.jpg&#8221; title_text=&#8221;DSC_0018-001&#8243; show_in_lightbox=&#8221;on&#8221; _builder_version=&#8221;4.7.3&#8243; _module_preset=&#8221;default&#8221;][\/et_pb_image][\/et_pb_column][et_pb_column type=&#8221;1_4&#8243; _builder_version=&#8221;4.7.3&#8243; _module_preset=&#8221;default&#8221;][et_pb_image src=&#8221;http:\/\/osmutaa.splet.arnes.si\/files\/2021\/04\/DSC_0016-001.jpg&#8221; title_text=&#8221;DSC_0016-001&#8243; show_in_lightbox=&#8221;on&#8221; _builder_version=&#8221;4.7.3&#8243; _module_preset=&#8221;default&#8221;][\/et_pb_image][\/et_pb_column][et_pb_column type=&#8221;1_4&#8243; _builder_version=&#8221;4.7.3&#8243; _module_preset=&#8221;default&#8221;][et_pb_image src=&#8221;http:\/\/osmutaa.splet.arnes.si\/files\/2021\/04\/DSC_0030-001.jpg&#8221; title_text=&#8221;DSC_0030-001&#8243; show_in_lightbox=&#8221;on&#8221; _builder_version=&#8221;4.7.3&#8243; _module_preset=&#8221;default&#8221;][\/et_pb_image][et_pb_image src=&#8221;http:\/\/osmutaa.splet.arnes.si\/files\/2021\/04\/DSC_0029-001.jpg&#8221; title_text=&#8221;DSC_0029-001&#8243; show_in_lightbox=&#8221;on&#8221; _builder_version=&#8221;4.7.3&#8243; _module_preset=&#8221;default&#8221;][\/et_pb_image][\/et_pb_column][\/et_pb_row][et_pb_row column_structure=&#8221;1_2,1_2&#8243; _builder_version=&#8221;4.7.3&#8243; _module_preset=&#8221;default&#8221;][et_pb_column type=&#8221;1_2&#8243; _builder_version=&#8221;4.7.3&#8243; _module_preset=&#8221;default&#8221;][et_pb_text _builder_version=&#8221;4.7.3&#8243; _module_preset=&#8221;default&#8221;]<\/p>\n<p><span style=\"color: #339966\"><strong><em>ZAHVALE U\u010cENCEM<\/em><\/strong><\/span><\/p>\n<p><strong><em>Stanovalci doma u\u010dencem sporo\u010dajo, da so bili pisem zelo veseli in se zahvaljujejo vsem otrokom, ki so pri tem sodelovali.<\/em><\/strong><\/p>\n<p>[\/et_pb_text][et_pb_image src=&#8221;http:\/\/osmutaa.splet.arnes.si\/files\/2021\/04\/phoca_thumb_l_pismo.png&#8221; title_text=&#8221;phoca_thumb_l_pismo&#8221; show_in_lightbox=&#8221;on&#8221; _builder_version=&#8221;4.7.3&#8243; _module_preset=&#8221;default&#8221;][\/et_pb_image][\/et_pb_column][et_pb_column type=&#8221;1_2&#8243; _builder_version=&#8221;4.7.3&#8243; _module_preset=&#8221;default&#8221;][et_pb_image src=&#8221;http:\/\/osmutaa.splet.arnes.si\/files\/2021\/04\/slika-dom-2.jpeg&#8221; title_text=&#8221;slika dom 2&#8243; show_in_lightbox=&#8221;on&#8221; _builder_version=&#8221;4.7.3&#8243; _module_preset=&#8221;default&#8221; hover_enabled=&#8221;0&#8243; sticky_enabled=&#8221;0&#8243;][\/et_pb_image][\/et_pb_column][\/et_pb_row][\/et_pb_section]<\/p>\n","protected":false},"excerpt":{"rendered":"<p>U\u010denci prostovoljci, ki jih na na\u0161i \u0161oli imenujemo Junaki na\u0161ega \u010dasa, letos sodelujejo na vseslovenski prostovoljski akciji Dan za spremembe. Ta se bo letos odvijal 10. aprila 2021. Prostovoljske aktivnosti ob tem dnevu so namenjene pisanju pisem stanovalcem doma Hmelina Radlje ob Dravi. Namen pisanja pisem je, da stanovalcem doma pomagamo,\u00a0da v teh te\u017ekih \u010dasih [&hellip;]<\/p>\n","protected":false},"author":24443,"featured_media":0,"comment_status":"closed","ping_status":"closed","sticky":false,"template":"","format":"standard","meta":{"_et_pb_use_builder":"on","_et_pb_old_content":"","_et_gb_content_width":"","ngg_post_thumbnail":0,"footnotes":""},"categories":[12,15],"tags":[],"class_list":["post-11095","post","type-post","status-publish","format-standard","hentry","category-aktualno","category-obvestila"],"_links":{"self":[{"href":"https:\/\/osmuta.si\/index.php?rest_route=\/wp\/v2\/posts\/11095","targetHints":{"allow":["GET"]}}],"collection":[{"href":"https:\/\/osmuta.si\/index.php?rest_route=\/wp\/v2\/posts"}],"about":[{"href":"https:\/\/osmuta.si\/index.php?rest_route=\/wp\/v2\/types\/post"}],"author":[{"embeddable":true,"href":"https:\/\/osmuta.si\/index.php?rest_route=\/wp\/v2\/users\/24443"}],"replies":[{"embeddable":true,"href":"https:\/\/osmuta.si\/index.php?rest_route=%2Fwp%2Fv2%2Fcomments&post=11095"}],"version-history":[{"count":30,"href":"https:\/\/osmuta.si\/index.php?rest_route=\/wp\/v2\/posts\/11095\/revisions"}],"predecessor-version":[{"id":11177,"href":"https:\/\/osmuta.si\/index.php?rest_route=\/wp\/v2\/posts\/11095\/revisions\/11177"}],"wp:attachment":[{"href":"https:\/\/osmuta.si\/index.php?rest_route=%2Fwp%2Fv2%2Fmedia&parent=11095"}],"wp:term":[{"taxonomy":"category","embeddable":true,"href":"https:\/\/osmuta.si\/index.php?rest_route=%2Fwp%2Fv2%2Fcategories&post=11095"},{"taxonomy":"post_tag","embeddable":true,"href":"https:\/\/osmuta.si\/index.php?rest_route=%2Fwp%2Fv2%2Ftags&post=11095"}],"curies":[{"name":"wp","href":"https:\/\/api.w.org\/{rel}","templated":true}]}}