{"id":11184,"date":"2021-04-23T09:25:55","date_gmt":"2021-04-23T07:25:55","guid":{"rendered":"http:\/\/osmutaa.splet.arnes.si\/?p=11184"},"modified":"2021-04-23T16:34:23","modified_gmt":"2021-04-23T14:34:23","slug":"zasedanje-31-nacionalnega-otroskega-parlamenta","status":"publish","type":"post","link":"https:\/\/osmuta.si\/?p=11184","title":{"rendered":"ZASEDANJE 31. NACIONALNEGA OTRO\u0160KEGA PARLAMENTA"},"content":{"rendered":"<p class=\"paragraph\" style=\"margin: 0cm;text-align: justify;vertical-align: baseline\"><span style=\"color: #000000\"><span class=\"normaltextrun\"><span style=\"font-family: 'Calibri',sans-serif\"><img loading=\"lazy\" decoding=\"async\" class=\"alignright\" src=\"http:\/\/osmutaa.splet.arnes.si\/files\/2021\/04\/Slika1.png\" alt=\"\" width=\"125\" height=\"121\" \/><\/span><\/span><\/span><\/p>\n<p>&nbsp;<\/p>\n<p>&nbsp;<\/p>\n<p>&nbsp;<\/p>\n<p class=\"paragraph\" style=\"margin: 0cm;text-align: justify;vertical-align: baseline\"><span style=\"color: #000000\"><span class=\"normaltextrun\"><span style=\"font-family: 'Arial',sans-serif\">21.\u00a0aprila\u00a02021 je pod okriljem Zveze prijateljev mladine Slovenije potekal nacionalni otro\u0161ki parlament na temo Moja poklicna prihodnost. Zaradi epidemiolo\u0161kih razmer v dr\u017eavi je zasedanje potekalo preko spletne aplikacije Zoom. Na videokonferenco smo se delegati, novinarji in spremljevalci prijavili ob 9. uri. Jaz sem skupaj \u0161e s \u0161tirimi delegati predstavljala\u00a0koro\u0161ko regijo.<\/span><\/span><span class=\"eop\"><span style=\"font-family: 'Arial',sans-serif\">\u00a0<\/span><\/span><\/span><\/p>\n<p class=\"paragraph\" style=\"margin: 0cm;text-align: justify;vertical-align: baseline\"><span style=\"color: #000000\"><span class=\"normaltextrun\"><span style=\"font-family: 'Arial',sans-serif\">Najprej so nas pozdravili ga. Darja\u00a0<\/span><\/span><span class=\"spellingerror\"><span style=\"font-family: 'Arial',sans-serif\">Groznik<\/span><\/span><span class=\"normaltextrun\"><span style=\"font-family: 'Arial',sans-serif\">\u00a0\u2013\u00a0predsednica Zveze prijateljev mladine Slovenije, g. Jure \u0160imonka\u00a0\u2013\u00a0predsednik delovnega predsedstva, predsednik dr\u017eave g. Borut Pahor ter ostali\u00a0organizatorji dogodka. Nadaljevali smo z delom v manj\u0161ih skupinah. Vsaka skupina je imela eno uro \u010dasa, da\u00a0skupaj z moderatorjem ali moderatorko\u00a0debatira o danih podtemah. Podteme so bile:\u00a0Vpliv covid-19 na izbiro poklica; Slovenija, Evropa, svet; Poklici sedanjosti in poklici prihodnosti ter Poti do mojega poklica. Jaz sem si izbrala temo Vpliv covid-19 na izbiro poklica. Sledil je kraj\u0161i odmor, nato pa poro\u010danje o delu v skupinah.\u00a0<\/span><\/span><span class=\"eop\"><span style=\"font-family: 'Arial',sans-serif\">\u00a0<\/span><\/span><\/span><\/p>\n<p class=\"paragraph\" style=\"margin: 0cm;text-align: justify;vertical-align: baseline\"><span style=\"color: #000000\"><span class=\"normaltextrun\"><span style=\"font-family: 'Arial',sans-serif\">Kasneje so se predstavili predstavniki dolo\u010denih strank in poslanci.\u00a0Dajali so nam nasvete o izra\u017eanju svojega mnenja ter \u017eivljenju nasploh. Najbolj sem si zapomnila nasvet, naj se ne bojimo izgubiti.\u00a0Odkrito smo debatirali o \u0161olanju na daljavo, trenutnih razmerah v dr\u017eavi in seveda o dani temi. Sledil je \u0161e zaklju\u010dek, kjer smo si zaploskali ter se poslovili.<\/span><\/span><span class=\"eop\"><span style=\"font-family: 'Arial',sans-serif\">\u00a0<\/span><\/span><\/span><\/p>\n<p class=\"paragraph\" style=\"margin: 0cm;text-align: justify;vertical-align: baseline\"><span style=\"color: #000000\"><span class=\"normaltextrun\"><span style=\"font-family: 'Arial',sans-serif\">Celoten dogodek pa so spremljali tudi razni mediji.<\/span><\/span><span class=\"eop\"><span style=\"font-family: 'Arial',sans-serif\">\u00a0<\/span><\/span><\/span><\/p>\n<p class=\"paragraph\" style=\"margin: 0cm;text-align: justify;vertical-align: baseline\"><span style=\"color: #000000\"><span class=\"normaltextrun\"><span style=\"font-family: 'Arial',sans-serif\">Nacionalni parlament je bila\u00a0zame\u00a0predvsem nova izku\u0161nja, seveda pa bi bilo bolje, \u010de bi lahko debatirali v \u017eivo v parlamentu v Ljubljani.<\/span><\/span><span class=\"eop\"><span style=\"font-family: 'Arial',sans-serif\">\u00a0<\/span><\/span><\/span><\/p>\n<p class=\"paragraph\" style=\"margin: 0cm;text-align: right;vertical-align: baseline\" align=\"right\"><span class=\"normaltextrun\" style=\"color: #000000\"><span style=\"font-family: 'Arial',sans-serif\">\u00a0\u00a0\u00a0\u00a0\u00a0\u00a0\u00a0\u00a0\u00a0\u00a0\u00a0\u00a0\u00a0\u00a0\u00a0\u00a0\u00a0\u00a0\u00a0\u00a0\u00a0\u00a0\u00a0\u00a0\u00a0\u00a0\u00a0\u00a0\u00a0\u00a0\u00a0\u00a0\u00a0\u00a0\u00a0\u00a0\u00a0\u00a0\u00a0\u00a0\u00a0\u00a0\u00a0\u00a0\u00a0\u00a0\u00a0\u00a0\u00a0\u00a0 Zala Skutnik, 9. a<\/span><\/span><\/p>\n<hr \/>\n<p class=\"paragraph\" style=\"margin: 0cm;text-align: right;vertical-align: baseline\" align=\"right\">\n","protected":false},"excerpt":{"rendered":"<p>&nbsp; &nbsp; &nbsp; 21.\u00a0aprila\u00a02021 je pod okriljem Zveze prijateljev mladine Slovenije potekal nacionalni otro\u0161ki parlament na temo Moja poklicna prihodnost. Zaradi epidemiolo\u0161kih razmer v dr\u017eavi je zasedanje potekalo preko spletne aplikacije Zoom. Na videokonferenco smo se delegati, novinarji in spremljevalci prijavili ob 9. uri. Jaz sem skupaj \u0161e s \u0161tirimi delegati predstavljala\u00a0koro\u0161ko regijo.\u00a0 Najprej so [&hellip;]<\/p>\n","protected":false},"author":24443,"featured_media":0,"comment_status":"closed","ping_status":"closed","sticky":false,"template":"","format":"standard","meta":{"_et_pb_use_builder":"","_et_pb_old_content":"","_et_gb_content_width":"","ngg_post_thumbnail":0,"footnotes":""},"categories":[12,15],"tags":[],"class_list":["post-11184","post","type-post","status-publish","format-standard","hentry","category-aktualno","category-obvestila"],"_links":{"self":[{"href":"https:\/\/osmuta.si\/index.php?rest_route=\/wp\/v2\/posts\/11184","targetHints":{"allow":["GET"]}}],"collection":[{"href":"https:\/\/osmuta.si\/index.php?rest_route=\/wp\/v2\/posts"}],"about":[{"href":"https:\/\/osmuta.si\/index.php?rest_route=\/wp\/v2\/types\/post"}],"author":[{"embeddable":true,"href":"https:\/\/osmuta.si\/index.php?rest_route=\/wp\/v2\/users\/24443"}],"replies":[{"embeddable":true,"href":"https:\/\/osmuta.si\/index.php?rest_route=%2Fwp%2Fv2%2Fcomments&post=11184"}],"version-history":[{"count":11,"href":"https:\/\/osmuta.si\/index.php?rest_route=\/wp\/v2\/posts\/11184\/revisions"}],"predecessor-version":[{"id":11196,"href":"https:\/\/osmuta.si\/index.php?rest_route=\/wp\/v2\/posts\/11184\/revisions\/11196"}],"wp:attachment":[{"href":"https:\/\/osmuta.si\/index.php?rest_route=%2Fwp%2Fv2%2Fmedia&parent=11184"}],"wp:term":[{"taxonomy":"category","embeddable":true,"href":"https:\/\/osmuta.si\/index.php?rest_route=%2Fwp%2Fv2%2Fcategories&post=11184"},{"taxonomy":"post_tag","embeddable":true,"href":"https:\/\/osmuta.si\/index.php?rest_route=%2Fwp%2Fv2%2Ftags&post=11184"}],"curies":[{"name":"wp","href":"https:\/\/api.w.org\/{rel}","templated":true}]}}