{"id":13324,"date":"2022-09-05T10:26:47","date_gmt":"2022-09-05T08:26:47","guid":{"rendered":"https:\/\/osmutaa.splet.arnes.si\/?p=13324"},"modified":"2022-09-06T10:30:11","modified_gmt":"2022-09-06T08:30:11","slug":"prvi-solski-dan-2","status":"publish","type":"post","link":"https:\/\/osmuta.si\/?p=13324","title":{"rendered":"Prvi \u0161olski dan"},"content":{"rendered":"<p><strong>\u0160ola za u\u010denje in pozitivne socialne ve\u0161\u010dine<\/strong><\/p>\n<p>Odprla so se \u0161olska vrata \u2026 U\u010denci so ponovno sre\u010dali svoje so\u0161olce in prijatelje in si segli v pozdrav, prav tako so jih u\u010ditelji z veseljem pri\u010dakali in jih prisr\u010dno pozdravili.<\/p>\n<p>U\u010denci so se vrnili polni pri\u010dakovanj. \u017delimo jim, da za\u010dnejo novo \u0161olsko leto pozitivno, z odgovornostjo do sebe in da pridobijo \u010dim ve\u010d znanja in pozitivnih vrednot v krogu svoje razredne skupnosti. V tem pri\u010dakovanju so si u\u010denci pri razredni uri pogledali video posnetek lepih misli o prijateljstvu in pozitivnih vrednotah, kot so besede oprosti, hvala ti, kako si, \u017eelim ti lep dan \u2026 Nato so na barvni papir obrobili svojo dlan in na sredino dlani zapisali svoje ime. V avli \u0161ole je u\u010dence \u010dakal pano in plakat svoje razredne skupnosti, kamor so pripeli te risbe.<\/p>\n<p>V tednu otroka pa bodo u\u010denci risbe \u0161e dopolnili. Do takrat pa naj ostane skrivnost, katero pozitivno socialno ve\u0161\u010dino bodo dodali \u2026<\/p>\n<p>\u0160olska svetovalna delavka<\/p>\n<p>Marija Lisec<\/p>\nngg_shortcode_0_placeholder\n","protected":false},"excerpt":{"rendered":"<p>\u0160ola za u\u010denje in pozitivne socialne ve\u0161\u010dine Odprla so se \u0161olska vrata \u2026 U\u010denci so ponovno sre\u010dali svoje so\u0161olce in prijatelje in si segli v pozdrav, prav tako so jih u\u010ditelji z veseljem pri\u010dakali in jih prisr\u010dno pozdravili. U\u010denci so se vrnili polni pri\u010dakovanj. \u017delimo jim, da za\u010dnejo novo \u0161olsko leto pozitivno, z odgovornostjo do [&hellip;]<\/p>\n","protected":false},"author":91970,"featured_media":0,"comment_status":"closed","ping_status":"closed","sticky":false,"template":"","format":"standard","meta":{"_et_pb_use_builder":"","_et_pb_old_content":"","_et_gb_content_width":"","ngg_post_thumbnail":0,"footnotes":""},"categories":[12],"tags":[],"class_list":["post-13324","post","type-post","status-publish","format-standard","hentry","category-aktualno"],"_links":{"self":[{"href":"https:\/\/osmuta.si\/index.php?rest_route=\/wp\/v2\/posts\/13324","targetHints":{"allow":["GET"]}}],"collection":[{"href":"https:\/\/osmuta.si\/index.php?rest_route=\/wp\/v2\/posts"}],"about":[{"href":"https:\/\/osmuta.si\/index.php?rest_route=\/wp\/v2\/types\/post"}],"author":[{"embeddable":true,"href":"https:\/\/osmuta.si\/index.php?rest_route=\/wp\/v2\/users\/91970"}],"replies":[{"embeddable":true,"href":"https:\/\/osmuta.si\/index.php?rest_route=%2Fwp%2Fv2%2Fcomments&post=13324"}],"version-history":[{"count":8,"href":"https:\/\/osmuta.si\/index.php?rest_route=\/wp\/v2\/posts\/13324\/revisions"}],"predecessor-version":[{"id":13342,"href":"https:\/\/osmuta.si\/index.php?rest_route=\/wp\/v2\/posts\/13324\/revisions\/13342"}],"wp:attachment":[{"href":"https:\/\/osmuta.si\/index.php?rest_route=%2Fwp%2Fv2%2Fmedia&parent=13324"}],"wp:term":[{"taxonomy":"category","embeddable":true,"href":"https:\/\/osmuta.si\/index.php?rest_route=%2Fwp%2Fv2%2Fcategories&post=13324"},{"taxonomy":"post_tag","embeddable":true,"href":"https:\/\/osmuta.si\/index.php?rest_route=%2Fwp%2Fv2%2Ftags&post=13324"}],"curies":[{"name":"wp","href":"https:\/\/api.w.org\/{rel}","templated":true}]}}