{"id":19578,"date":"2025-10-09T10:17:06","date_gmt":"2025-10-09T08:17:06","guid":{"rendered":"https:\/\/osmutaa.splet.arnes.si\/?p=19578"},"modified":"2025-10-09T10:17:06","modified_gmt":"2025-10-09T08:17:06","slug":"interesna-dejavnost-pohodnistvo","status":"publish","type":"post","link":"https:\/\/osmuta.si\/?p=19578","title":{"rendered":"Interesna dejavnost Pohodni\u0161tvo"},"content":{"rendered":"<p><strong>Pohodniki na Kapli in Sr\u0161enovem vrhu<\/strong><\/p>\n<p>V soboto, 4. 10. 2025, so se u\u010denci in mentorica interesne dejavnosti Pohodni\u0161tvo podali na zanimiv pohod skupaj s planinsko vodnico Andrejo. S kombijem smo se najprej odpeljali na Kaplo, od tam pa nadaljevali pot pe\u0161 proti Sr\u0161enovemu vrhu. Pot nas je vodila skozi \u010dudovito jesensko naravo, ki je bila odeta v pisane barve, ter nam ponujala \u0161tevilne lepe razglede na okoli\u0161ke gore in doline.<\/p>\n<p>Na vrhu smo se okrep\u010dali, u\u017eivali v sve\u017eem zraku in prijetnem dru\u017eenju, nato pa se vrnili nazaj na Kaplo. Tam nas je \u010dakalo \u0161e posebno presene\u010denje \u2013 prireditev ob sre\u010danju planincev Koro\u0161ke. Udele\u017eili smo se programa in skupaj z ostalimi obiskovalci prijetno zaklju\u010dili dan.<\/p>\n<p>U\u010denci so se domov vrnili utrujeni, a zadovoljni in polni lepih vtisov. Tak\u0161ni dnevi v naravi vedno znova dokazujejo, kako pomembno je gibanje in dru\u017eenje v naravi.<\/p>\n<p><strong>Doroteja Po\u017earnik<\/strong><\/p>\n<p><a href=\"https:\/\/osmuta.si\/files\/2025\/10\/1759851579802-scaled.jpg\"><img loading=\"lazy\" decoding=\"async\" class=\"alignnone size-large wp-image-19579\" src=\"https:\/\/osmuta.si\/files\/2025\/10\/1759851579802-768x1024.jpg\" alt=\"\" width=\"768\" height=\"1024\"><\/a><\/p>\n<p>&nbsp;<\/p>\n","protected":false},"excerpt":{"rendered":"<p>Pohodniki na Kapli in Sr\u0161enovem vrhu V soboto, 4. 10. 2025, so se u\u010denci in mentorica interesne dejavnosti Pohodni\u0161tvo podali na zanimiv pohod skupaj s planinsko vodnico Andrejo. S kombijem smo se najprej odpeljali na Kaplo, od tam pa nadaljevali pot pe\u0161 proti Sr\u0161enovemu vrhu. Pot nas je vodila skozi \u010dudovito jesensko naravo, ki je [&hellip;]<\/p>\n","protected":false},"author":91970,"featured_media":19579,"comment_status":"closed","ping_status":"closed","sticky":false,"template":"","format":"standard","meta":{"_et_pb_use_builder":"","_et_pb_old_content":"","_et_gb_content_width":"","ngg_post_thumbnail":0,"footnotes":""},"categories":[12],"tags":[],"class_list":["post-19578","post","type-post","status-publish","format-standard","has-post-thumbnail","hentry","category-aktualno"],"_links":{"self":[{"href":"https:\/\/osmuta.si\/index.php?rest_route=\/wp\/v2\/posts\/19578","targetHints":{"allow":["GET"]}}],"collection":[{"href":"https:\/\/osmuta.si\/index.php?rest_route=\/wp\/v2\/posts"}],"about":[{"href":"https:\/\/osmuta.si\/index.php?rest_route=\/wp\/v2\/types\/post"}],"author":[{"embeddable":true,"href":"https:\/\/osmuta.si\/index.php?rest_route=\/wp\/v2\/users\/91970"}],"replies":[{"embeddable":true,"href":"https:\/\/osmuta.si\/index.php?rest_route=%2Fwp%2Fv2%2Fcomments&post=19578"}],"version-history":[{"count":1,"href":"https:\/\/osmuta.si\/index.php?rest_route=\/wp\/v2\/posts\/19578\/revisions"}],"predecessor-version":[{"id":19580,"href":"https:\/\/osmuta.si\/index.php?rest_route=\/wp\/v2\/posts\/19578\/revisions\/19580"}],"wp:featuredmedia":[{"embeddable":true,"href":"https:\/\/osmuta.si\/index.php?rest_route=\/wp\/v2\/media\/19579"}],"wp:attachment":[{"href":"https:\/\/osmuta.si\/index.php?rest_route=%2Fwp%2Fv2%2Fmedia&parent=19578"}],"wp:term":[{"taxonomy":"category","embeddable":true,"href":"https:\/\/osmuta.si\/index.php?rest_route=%2Fwp%2Fv2%2Fcategories&post=19578"},{"taxonomy":"post_tag","embeddable":true,"href":"https:\/\/osmuta.si\/index.php?rest_route=%2Fwp%2Fv2%2Ftags&post=19578"}],"curies":[{"name":"wp","href":"https:\/\/api.w.org\/{rel}","templated":true}]}}