{"id":19601,"date":"2025-10-10T11:44:21","date_gmt":"2025-10-10T09:44:21","guid":{"rendered":"https:\/\/osmutaa.splet.arnes.si\/?p=19601"},"modified":"2025-10-10T11:44:21","modified_gmt":"2025-10-10T09:44:21","slug":"kulturni-dan-v-7-razredu","status":"publish","type":"post","link":"https:\/\/osmuta.si\/?p=19601","title":{"rendered":"Kulturni dan v 7. razredu"},"content":{"rendered":"<p><strong>KULTURNI DAN<\/strong><\/p>\n<p>V ponedeljek, 6. 10., so se u\u010denci 7. a in 7. b razreda udele\u017eili kulturnega dne.<\/p>\n<p>V sklopu projekta Rastem s knjigo, ki je namenjen spodbujanju in motiviranju mladih za branje kakovostne slovenske knji\u017eevnosti ter spodbujanju bralne kulture ter pozitivnega odnosa do knjige, smo najprej obiskali Knji\u017enico Radlje ob Dravi. Knji\u017eni\u010darka, ga. Helena Gosak, je u\u010dencem predstavila knji\u017enico in njeno ponudbo. U\u010dencem je predstavila tudi &nbsp;pomen splo\u0161nih knji\u017enic, enote Knji\u017enice Radlje ob Dravi ter \u0161iroko mre\u017eo knji\u017enic po Sloveniji. U\u010denci so prejeli knjigo Nine Mav Hrovat: Orientacisti \u2013 \u0160korpijonov pik. Prav tako je bil dan namenjen tudi spoznavanju kulturne in zgodovinske dedi\u0161\u010dine doma\u010dega kraja. Obiskali smo Kova\u0161ki in gasilski muzej Muta. Po muzeju nas je vodila \u017eupanja, ga. Angelca Mrak, ki je predstavila pomembne izseke iz zgodovine Mute. Kulturni dan smo zaklju\u010dili z delavnico Vlivanje rimskih novcev. Kustosinja iz Koro\u0161kega pokrajinskega muzeja je u\u010dencem najprej predstavila zgodovino nastanke denarja, nato pa so si u\u010denci izdelali novec. V glinen podstavek z vzorcem so vlivali vosek in oblikovali novec.<\/p>\n<p>Dan je minil v prijetnem vzdu\u0161ju, u\u010denci so od\u0161li domov polni novih spoznanj.<\/p>\n<p><strong>Ur\u0161ka De\u010dman in u\u010denci 7. razreda<\/strong><\/p>\nngg_shortcode_0_placeholder\n","protected":false},"excerpt":{"rendered":"<p>KULTURNI DAN V ponedeljek, 6. 10., so se u\u010denci 7. a in 7. b razreda udele\u017eili kulturnega dne. V sklopu projekta Rastem s knjigo, ki je namenjen spodbujanju in motiviranju mladih za branje kakovostne slovenske knji\u017eevnosti ter spodbujanju bralne kulture ter pozitivnega odnosa do knjige, smo najprej obiskali Knji\u017enico Radlje ob Dravi. Knji\u017eni\u010darka, ga. Helena [&hellip;]<\/p>\n","protected":false},"author":91970,"featured_media":19602,"comment_status":"closed","ping_status":"closed","sticky":false,"template":"","format":"standard","meta":{"_et_pb_use_builder":"","_et_pb_old_content":"","_et_gb_content_width":"","ngg_post_thumbnail":0,"footnotes":""},"categories":[12],"tags":[],"class_list":["post-19601","post","type-post","status-publish","format-standard","has-post-thumbnail","hentry","category-aktualno"],"_links":{"self":[{"href":"https:\/\/osmuta.si\/index.php?rest_route=\/wp\/v2\/posts\/19601","targetHints":{"allow":["GET"]}}],"collection":[{"href":"https:\/\/osmuta.si\/index.php?rest_route=\/wp\/v2\/posts"}],"about":[{"href":"https:\/\/osmuta.si\/index.php?rest_route=\/wp\/v2\/types\/post"}],"author":[{"embeddable":true,"href":"https:\/\/osmuta.si\/index.php?rest_route=\/wp\/v2\/users\/91970"}],"replies":[{"embeddable":true,"href":"https:\/\/osmuta.si\/index.php?rest_route=%2Fwp%2Fv2%2Fcomments&post=19601"}],"version-history":[{"count":1,"href":"https:\/\/osmuta.si\/index.php?rest_route=\/wp\/v2\/posts\/19601\/revisions"}],"predecessor-version":[{"id":19603,"href":"https:\/\/osmuta.si\/index.php?rest_route=\/wp\/v2\/posts\/19601\/revisions\/19603"}],"wp:featuredmedia":[{"embeddable":true,"href":"https:\/\/osmuta.si\/index.php?rest_route=\/wp\/v2\/media\/19602"}],"wp:attachment":[{"href":"https:\/\/osmuta.si\/index.php?rest_route=%2Fwp%2Fv2%2Fmedia&parent=19601"}],"wp:term":[{"taxonomy":"category","embeddable":true,"href":"https:\/\/osmuta.si\/index.php?rest_route=%2Fwp%2Fv2%2Fcategories&post=19601"},{"taxonomy":"post_tag","embeddable":true,"href":"https:\/\/osmuta.si\/index.php?rest_route=%2Fwp%2Fv2%2Ftags&post=19601"}],"curies":[{"name":"wp","href":"https:\/\/api.w.org\/{rel}","templated":true}]}}