{"id":19652,"date":"2025-10-22T18:40:43","date_gmt":"2025-10-22T16:40:43","guid":{"rendered":"https:\/\/osmutaa.splet.arnes.si\/?p=19652"},"modified":"2025-10-24T09:19:54","modified_gmt":"2025-10-24T07:19:54","slug":"nasi-ucenci-na-ljubljanskem-maratonu","status":"publish","type":"post","link":"https:\/\/osmuta.si\/?p=19652","title":{"rendered":"Na\u0161i u\u010denci na Ljubljanskem maratonu"},"content":{"rendered":"<p><strong>Ljubljanski maraton in \u0161portna izku\u0161nja za na\u0161e u\u010dence<\/strong><\/p>\n<p>V soboto, 18. 10. 2025, so se u\u010denci 4., 5., 6. in 9. razreda na\u0161e \u0161ole udele\u017eili \u0161olskega teka v okviru Ljubljanskega maratona. Na dogodku je sodelovalo ve\u010d kot 1.500 osnovno\u0161olcev z razli\u010dnih \u0161ol po Sloveniji, v posameznih skupinah pa so se pomerili lo\u010deno fantje in dekleta iz posameznih razredov. V vsaki skupini je teklo pribli\u017eno 400 u\u010dencev, podobno tudi pri dekletih.<\/p>\n<p>Na\u0161o \u0161olo so ponosno zastopali:<\/p>\n<ul>\n<li>O\u017ebej Lesjak in Lenart Ga\u0161per (4. razred),<\/li>\n<li>Tina Laznik (5. razred),<\/li>\n<li>Zala Filipi, Lana Topolov\u0161ek, Klemen Ga\u0161per, Filip Stemlak in Vasja Ravnjak (6. razred),<\/li>\n<li>Matev\u017e Hlupi\u010d in Ema Laznik (9. razred).<\/li>\n<\/ul>\n<p>U\u010denci 4. in 5. razreda so tekli na progi dol\u017eine 1.000 metrov, u\u010denci od 6. do 9. razreda pa na 1.500 metrov.<\/p>\n<p>\u017de pred tekmo so u\u010denci resno pristopili k pripravam \u2013 po pouku smo imeli kraj\u0161e treninge. Njihova zavzetost in odgovoren pristop sta se na tekmovanju jasno poznala, saj so vsi pokazali odli\u010dno pripravljenost in pravi \u0161portni zna\u010daj.<\/p>\n<p>Vsi na\u0161i teka\u010di so se v izjemno mo\u010dni konkurenci odrezali ve\u010d kot odli\u010dno &#8211; glede na veliko \u0161tevilo nastopajo\u010dih so se vsi uvrstili <strong>v zgornjo petino rezultatov<\/strong>, kar je odli\u010den dose\u017eek in dokaz, da na na\u0161i \u0161oli spodbujamo tako vztrajnost kot ljubezen do gibanja.<\/p>\n<p>Vzdu\u0161je je bilo fantasti\u010dno \u2013 tako na startu kot med tekom in v cilju. \u017de med vo\u017enjo domov so u\u010denci navdu\u0161eno delili svoje vtise in opisovali dogajanje na progi. Njihovi vtisi so bili zelo pozitivni, mnogi pa so \u017ee izrazili \u017eeljo, da bi se podobnega teka\u0161kega dogodka udele\u017eili tudi v prihodnje.<\/p>\n<p>Kot u\u010diteljica sem izjemno ponosna, da imamo na \u0161oli u\u010dence, ki s tako vnemo sprejemajo \u0161portne izzive, se veselijo gibanja in drug drugega spodbujajo do cilja. Ti trenutki nas povezujejo \u2013 kot razred, kot \u0161olo in kot skupnost, ki verjame v pomen zdravega in aktivnega \u017eivljenjskega sloga. Posebno veselje mi je bilo spremljati njihove nasmehe, navdu\u0161enje in pristno \u017eeljo po gibanju.<\/p>\n<p>Verjamem, da bo ta dan u\u010dencem ostal v lepem spominu, in upam, da se bomo naslednje leto v Ljubljano podali v \u0161e ve\u010djem \u0161tevilu ter ponovno do\u017eiveli \u010dudovito \u0161portno energijo.<\/p>\n<p>\u010cestitke vsem teka\u010dem za njihov trud, energijo in pozitivno \u0161portno vzdu\u0161je.<\/p>\n<p><strong>Mentorica: Lucija Skarlovnik<\/strong><\/p>\nngg_shortcode_0_placeholder\n","protected":false},"excerpt":{"rendered":"<p>Ljubljanski maraton in \u0161portna izku\u0161nja za na\u0161e u\u010dence V soboto, 18. 10. 2025, so se u\u010denci 4., 5., 6. in 9. razreda na\u0161e \u0161ole udele\u017eili \u0161olskega teka v okviru Ljubljanskega maratona. Na dogodku je sodelovalo ve\u010d kot 1.500 osnovno\u0161olcev z razli\u010dnih \u0161ol po Sloveniji, v posameznih skupinah pa so se pomerili lo\u010deno fantje in dekleta [&hellip;]<\/p>\n","protected":false},"author":91970,"featured_media":19671,"comment_status":"closed","ping_status":"closed","sticky":false,"template":"","format":"standard","meta":{"_et_pb_use_builder":"","_et_pb_old_content":"","_et_gb_content_width":"","ngg_post_thumbnail":0,"footnotes":""},"categories":[12],"tags":[],"class_list":["post-19652","post","type-post","status-publish","format-standard","has-post-thumbnail","hentry","category-aktualno"],"_links":{"self":[{"href":"https:\/\/osmuta.si\/index.php?rest_route=\/wp\/v2\/posts\/19652","targetHints":{"allow":["GET"]}}],"collection":[{"href":"https:\/\/osmuta.si\/index.php?rest_route=\/wp\/v2\/posts"}],"about":[{"href":"https:\/\/osmuta.si\/index.php?rest_route=\/wp\/v2\/types\/post"}],"author":[{"embeddable":true,"href":"https:\/\/osmuta.si\/index.php?rest_route=\/wp\/v2\/users\/91970"}],"replies":[{"embeddable":true,"href":"https:\/\/osmuta.si\/index.php?rest_route=%2Fwp%2Fv2%2Fcomments&post=19652"}],"version-history":[{"count":4,"href":"https:\/\/osmuta.si\/index.php?rest_route=\/wp\/v2\/posts\/19652\/revisions"}],"predecessor-version":[{"id":19674,"href":"https:\/\/osmuta.si\/index.php?rest_route=\/wp\/v2\/posts\/19652\/revisions\/19674"}],"wp:featuredmedia":[{"embeddable":true,"href":"https:\/\/osmuta.si\/index.php?rest_route=\/wp\/v2\/media\/19671"}],"wp:attachment":[{"href":"https:\/\/osmuta.si\/index.php?rest_route=%2Fwp%2Fv2%2Fmedia&parent=19652"}],"wp:term":[{"taxonomy":"category","embeddable":true,"href":"https:\/\/osmuta.si\/index.php?rest_route=%2Fwp%2Fv2%2Fcategories&post=19652"},{"taxonomy":"post_tag","embeddable":true,"href":"https:\/\/osmuta.si\/index.php?rest_route=%2Fwp%2Fv2%2Ftags&post=19652"}],"curies":[{"name":"wp","href":"https:\/\/api.w.org\/{rel}","templated":true}]}}