{"id":20473,"date":"2026-03-05T09:54:07","date_gmt":"2026-03-05T08:54:07","guid":{"rendered":"https:\/\/osmutaa.splet.arnes.si\/?p=20473"},"modified":"2026-03-05T09:54:07","modified_gmt":"2026-03-05T08:54:07","slug":"nacionalni-dan-branja","status":"publish","type":"post","link":"https:\/\/osmuta.si\/?p=20473","title":{"rendered":"Nacionalni dan branja"},"content":{"rendered":"<p><strong>5. MAREC \u2013 NACIONALNI DAN BRANJA<\/strong><\/p>\n<p>5. marec je Vlada Republike Slovenije razglasila za nacionalni dan branja skladno z uresni\u010devanjem ciljev Nacionalne strategije za razvoj bralne pismenosti 2019\u20132030. Razglasitev nacionalnega dneva branja simbolno, vsebinsko in trajnostno utrjuje pomen branja kot temeljne vrednote na\u0161e dru\u017ebe ter poudarja branje kot temeljno \u010dlovekovo pravico, pogoj za demokrati\u010dno dru\u017ebo, socialno vklju\u010denost in trajnostni razvoj. Njegov namen pa je, da pove\u017ee vse, ki skrbimo za razvoj bralne pismenosti in bralne kulture pri otrocih, mladih in odraslih.<\/p>\n<p>Slogan leto\u0161njega nacionalnega dneva branja se glasi <strong>BRANJE JE VESELJE.<\/strong><\/p>\n<p>Datum ni izbran naklju\u010dno, saj 5. marca obele\u017eujemo rojstni dan dr. Mance Ko\u0161ir, izjemne intelektualke, publicistke, literarne ustvarjalke in ambasadorke branja, ki je s svojim \u017eivljenjem in delom povezovala ustvarjanje besedil, spodbujanje branja ter raziskovanje bralnih praks.<\/p>\n<p>Ve\u010d na: <a href=\"https:\/\/pismen.si\/nacionalni-dan-branja\">https:\/\/pismen.si\/nacionalni-dan-branja<\/a><\/p>\n<p>&nbsp;<\/p>\n<p>&nbsp;<\/p>\n","protected":false},"excerpt":{"rendered":"<p>5. MAREC \u2013 NACIONALNI DAN BRANJA 5. marec je Vlada Republike Slovenije razglasila za nacionalni dan branja skladno z uresni\u010devanjem ciljev Nacionalne strategije za razvoj bralne pismenosti 2019\u20132030. Razglasitev nacionalnega dneva branja simbolno, vsebinsko in trajnostno utrjuje pomen branja kot temeljne vrednote na\u0161e dru\u017ebe ter poudarja branje kot temeljno \u010dlovekovo pravico, pogoj za demokrati\u010dno dru\u017ebo, [&hellip;]<\/p>\n","protected":false},"author":91970,"featured_media":15307,"comment_status":"closed","ping_status":"closed","sticky":false,"template":"","format":"standard","meta":{"_et_pb_use_builder":"","_et_pb_old_content":"","_et_gb_content_width":"","ngg_post_thumbnail":0,"footnotes":""},"categories":[12],"tags":[],"class_list":["post-20473","post","type-post","status-publish","format-standard","has-post-thumbnail","hentry","category-aktualno"],"_links":{"self":[{"href":"https:\/\/osmuta.si\/index.php?rest_route=\/wp\/v2\/posts\/20473","targetHints":{"allow":["GET"]}}],"collection":[{"href":"https:\/\/osmuta.si\/index.php?rest_route=\/wp\/v2\/posts"}],"about":[{"href":"https:\/\/osmuta.si\/index.php?rest_route=\/wp\/v2\/types\/post"}],"author":[{"embeddable":true,"href":"https:\/\/osmuta.si\/index.php?rest_route=\/wp\/v2\/users\/91970"}],"replies":[{"embeddable":true,"href":"https:\/\/osmuta.si\/index.php?rest_route=%2Fwp%2Fv2%2Fcomments&post=20473"}],"version-history":[{"count":1,"href":"https:\/\/osmuta.si\/index.php?rest_route=\/wp\/v2\/posts\/20473\/revisions"}],"predecessor-version":[{"id":20474,"href":"https:\/\/osmuta.si\/index.php?rest_route=\/wp\/v2\/posts\/20473\/revisions\/20474"}],"wp:featuredmedia":[{"embeddable":true,"href":"https:\/\/osmuta.si\/index.php?rest_route=\/wp\/v2\/media\/15307"}],"wp:attachment":[{"href":"https:\/\/osmuta.si\/index.php?rest_route=%2Fwp%2Fv2%2Fmedia&parent=20473"}],"wp:term":[{"taxonomy":"category","embeddable":true,"href":"https:\/\/osmuta.si\/index.php?rest_route=%2Fwp%2Fv2%2Fcategories&post=20473"},{"taxonomy":"post_tag","embeddable":true,"href":"https:\/\/osmuta.si\/index.php?rest_route=%2Fwp%2Fv2%2Ftags&post=20473"}],"curies":[{"name":"wp","href":"https:\/\/api.w.org\/{rel}","templated":true}]}}